{"id":225024,"date":"2022-09-15T10:22:16","date_gmt":"2022-09-15T14:22:16","guid":{"rendered":"https:\/\/www.axxelhr.com\/?p=225024"},"modified":"2024-06-20T10:22:26","modified_gmt":"2024-06-20T14:22:26","slug":"un-programme-modele-de-francisation-en-milieu-de-travail","status":"publish","type":"post","link":"https:\/\/www.axxelhr.com\/fr\/un-programme-modele-de-francisation-en-milieu-de-travail\/","title":{"rendered":"Un\u00a0programme mod\u00e8le de francisation en milieu de travail largu\u00e9 par Qu\u00e9bec"},"content":{"rendered":"\t\t<div data-elementor-type=\"wp-post\" data-elementor-id=\"225024\" class=\"elementor elementor-225024\" data-elementor-post-type=\"post\">\n\t\t\t\t\t\t<section class=\"elementor-section elementor-top-section elementor-element elementor-element-77284ea elementor-section-content-top elementor-section-boxed elementor-section-height-default elementor-section-height-default\" data-id=\"77284ea\" data-element_type=\"section\" data-settings=\"{&quot;background_background&quot;:&quot;classic&quot;}\">\n\t\t\t\t\t\t<div class=\"elementor-container elementor-column-gap-default\">\n\t\t\t\t\t<div class=\" elementor-column elementor-col-100 elementor-top-column elementor-element elementor-element-8977962\" data-fullscreen-column-settings=\"{&quot;fullscreen&quot;:&quot;&quot;}\" data-id=\"8977962\" data-element_type=\"column\">\n\t\t\t<div class=\"elementor-widget-wrap elementor-element-populated\">\n\t\t\t\t\t\t<div class=\"elementor-element elementor-element-95b1b76 elementor-widget__width-initial elementor-widget elementor-widget-text-editor\" data-id=\"95b1b76\" data-element_type=\"widget\" data-widget_type=\"text-editor.default\">\n\t\t\t\t<div class=\"elementor-widget-container\">\n\t\t\t\t\t\t\t\t\t<p><em>C\u2019est la deuxi\u00e8me fois que le fabricant de v\u00eatements Peerless, qui offre des cours de fran\u00e7ais depuis plus de 20 ans, est contraint de fermer son programme<\/em><\/p>\t\t\t\t\t\t\t\t<\/div>\n\t\t\t\t<\/div>\n\t\t\t\t<div class=\"elementor-element elementor-element-d2330df elementor-widget__width-initial elementor-widget-mobile__width-inherit elementor-invisible elementor-widget elementor-widget-litho-heading\" data-id=\"d2330df\" data-element_type=\"widget\" data-settings=\"{&quot;_animation&quot;:&quot;fadeIn&quot;,&quot;_animation_delay&quot;:200}\" data-widget_type=\"litho-heading.default\">\n\t\t\t\t<div class=\"elementor-widget-container\">\n\t\t\t\t\t<h4 class=\"litho-heading elementor-size-default\"><span class=\"litho-primary-title\">\n<\/span><span class=\"litho-secondary-title\">\n<\/span><\/h4>\t\t\t\t<\/div>\n\t\t\t\t<\/div>\n\t\t\t\t<div class=\"elementor-element elementor-element-6396fdb elementor-widget__width-initial elementor-widget elementor-widget-text-editor\" data-id=\"6396fdb\" data-element_type=\"widget\" data-widget_type=\"text-editor.default\">\n\t\t\t\t<div class=\"elementor-widget-container\">\n\t\t\t\t\t\t\t\t\t<p>Un manufacturier montr\u00e9alais de 1000 employ\u00e9s ne pourra plus offrir de cours de francisation en milieu de travail apr\u00e8s s\u2019\u00eatre fait supprimer une subvention du minist\u00e8re de l\u2019Immigration, a appris\u00a0<i>Le Devoir.<\/i>\u00a0C\u2019est la deuxi\u00e8me\u00a0fois que le fabricant de v\u00eatements Peerless, qui offre des cours de fran\u00e7ais depuis plus de 20\u00a0ans, est contraint de fermer son programme, consid\u00e9r\u00e9 comme un \u00ab\u00a0mod\u00e8le\u00a0\u00bb.<\/p><p>\u00ab\u00a0Je suis tellement d\u00e9courag\u00e9.\u00a0Le fran\u00e7ais ne devrait pas \u00eatre un privil\u00e8ge, c\u2019est un droit\u00a0\u00bb, a d\u00e9clar\u00e9 Mario Ayala, vice-pr\u00e9sident de la section syndicale Teamsters (FTQ). \u00ab\u00a0J\u2019ai toujours fait mon possible pour que [la francisation] fonctionne et j\u2019ai tellement re\u00e7u de t\u00e9moignages de gens que \u00e7a a aid\u00e9s. [\u2026] Je me suis battu une premi\u00e8re fois et je vais me battre encore\u00a0\u00bb, a poursuivi M.\u00a0Ayala.<\/p><p>En 2016,\u00a0<i><a href=\"https:\/\/www.ledevoir.com\/politique\/quebec\/462481\/le-nombre-de-cours-de-francisation-en-entreprise-coupe-de-moitie?utm_source=recirculation&amp;utm_medium=hyperlien&amp;utm_campaign=corps_texte\" target=\"_blank\" rel=\"noopener\">Le Devoir<\/a><\/i><a href=\"https:\/\/www.ledevoir.com\/politique\/quebec\/462481\/le-nombre-de-cours-de-francisation-en-entreprise-coupe-de-moitie?utm_source=recirculation&amp;utm_medium=hyperlien&amp;utm_campaign=corps_texte\" target=\"_blank\" rel=\"noopener\">\u00a0avait r\u00e9v\u00e9l\u00e9 que les cours de francisation chez V\u00eatements Peerless avaient \u00e9t\u00e9 abolis<\/a>, faute de fonds. \u00c0 l\u2019\u00e9poque, le syndicat faisait appel \u00e0 un organisme \u00e0 but non lucratif \u2014 et non au minist\u00e8re de l\u2019Immigration \u2014 pour embaucher des enseignants de fran\u00e7ais. C\u2019est la Commission des partenaires du march\u00e9 du travail (CPMT), aliment\u00e9e par un fonds auquel les employeurs sont tenus l\u00e9galement de contribuer, qui versait une subvention annuelle de 100\u00a0000\u00a0$ \u00e0 Peerless pour couvrir le salaire des professeurs et le\u00a0<a href=\"https:\/\/www.ledevoir.com\/salaire-minimum-au-qu%C3%A9bec?utm_source=recirculation&amp;utm_medium=hyperlien&amp;utm_campaign=corps_texte\">salaire minimum<\/a>\u00a0aux employ\u00e9s qui assistaient au cours.<\/p><p>Apr\u00e8s la publication de l\u2019article du\u00a0<i>Devoir<\/i>, la ministre de l\u2019Immigration d\u2019alors, Kathleen Weil, avait relanc\u00e9 les cours en moins de deux semaines en puisant dans les fonds de son propre minist\u00e8re pour payer le salaire d\u2019un professeur. L\u2019allocation du salaire minimum aux employ\u00e9s n\u2019a toutefois pas \u00e9t\u00e9 r\u00e9tablie.<\/p>\t\t\t\t\t\t\t\t<\/div>\n\t\t\t\t<\/div>\n\t\t\t\t<div class=\"elementor-element elementor-element-75b6446 elementor-widget__width-initial elementor-widget-mobile__width-inherit elementor-invisible elementor-widget elementor-widget-litho-heading\" data-id=\"75b6446\" data-element_type=\"widget\" data-settings=\"{&quot;_animation&quot;:&quot;fadeIn&quot;,&quot;_animation_delay&quot;:200}\" data-widget_type=\"litho-heading.default\">\n\t\t\t\t<div class=\"elementor-widget-container\">\n\t\t\t\t\t<h4 class=\"litho-heading elementor-size-default\"><span class=\"litho-primary-title\">Finie, la subvention<\/span><\/h4>\t\t\t\t<\/div>\n\t\t\t\t<\/div>\n\t\t\t\t<div class=\"elementor-element elementor-element-164bde6 elementor-widget__width-initial elementor-widget elementor-widget-text-editor\" data-id=\"164bde6\" data-element_type=\"widget\" data-widget_type=\"text-editor.default\">\n\t\t\t\t<div class=\"elementor-widget-container\">\n\t\t\t\t\t\t\t\t\t<p>En juillet dernier, lorsqu\u2019il a appel\u00e9 le minist\u00e8re de l\u2019Immigration, de la Francisation et de l\u2019Int\u00e9gration (MIFI) pour savoir quand les cours allaient reprendre apr\u00e8s une pause pand\u00e9mique, Mario Ayala ne s\u2019attendait pas \u00e0 se faire dire que ce type de programme n\u2019\u00e9tait plus subventionn\u00e9. Il d\u00e9plore que V\u00eatements Peerless ait simplement \u00e9t\u00e9 invit\u00e9 \u00e0 diriger ses employ\u00e9s vers un site Internet pour consulter la liste des organismes \u00e0 Montr\u00e9al offrant des cours \u00e0 temps partiel.<\/p><p>Selon lui, les gens pr\u00e9f\u00e8rent nettement suivre des cours en milieu de travail, car ils ne doivent pas \u00e0 nouveau se d\u00e9placer. \u00ab\u00a0Il y a des m\u00e8res de familles monoparentales ou des personnes qui habitent loin. C\u2019est plus facile pour elles de suivre le cours dans la caf\u00e9t\u00e9ria apr\u00e8s leur journ\u00e9e de travail\u00a0\u00bb, a expliqu\u00e9 M.\u00a0Ayala. Il estime que le programme a d\u00e9j\u00e0 eu plus d\u2019une cinquantaine d\u2019inscrits dans quatre cours quotidiens. Selon lui, au moins une trentaine de personnes seraient actuellement int\u00e9ress\u00e9es.<\/p><p>Originaire du Salvador, Mario Ayala, qui est pass\u00e9 lui-m\u00eame par un programme de francisation il y a 35\u00a0ans, est un fervent ambassadeur des cours de fran\u00e7ais en entreprise. Quelques mois avant que le couperet ne tombe la premi\u00e8re fois, le minist\u00e8re de l\u2019Immigration lui avait d\u00e9cern\u00e9 le M\u00e9rite en francisation des personnes immigrantes.<\/p><p>Sorti en 2019, le documentaire\u00a0<i>Langue \u00e0 l\u2019ouvrage<\/i>, r\u00e9alis\u00e9 par la FTQ et financ\u00e9 en partie par l\u2019Office qu\u00e9b\u00e9cois de la langue fran\u00e7aise (OQLF), a fait la part belle \u00e0 son histoire et \u00e0 l\u2019importance du programme qu\u2019il porte \u00e0 bout de bras au sein de V\u00eatements Peerless. Ayant toujours eu la langue de Vigneault \u00e0 coeur, M.\u00a0Ayala a m\u00eame tout r\u00e9cemment tourn\u00e9 des capsules de promotion du fran\u00e7ais pour l\u2019OQLF.<\/p>\t\t\t\t\t\t\t\t<\/div>\n\t\t\t\t<\/div>\n\t\t\t\t<div class=\"elementor-element elementor-element-4520da4 elementor-widget__width-initial elementor-widget-mobile__width-inherit elementor-invisible elementor-widget elementor-widget-litho-heading\" data-id=\"4520da4\" data-element_type=\"widget\" data-settings=\"{&quot;_animation&quot;:&quot;fadeIn&quot;,&quot;_animation_delay&quot;:200}\" data-widget_type=\"litho-heading.default\">\n\t\t\t\t<div class=\"elementor-widget-container\">\n\t\t\t\t\t<h4 class=\"litho-heading elementor-size-default\"><span class=\"litho-primary-title\">Recommencer \u00e0 z\u00e9ro ?<\/span><\/h4>\t\t\t\t<\/div>\n\t\t\t\t<\/div>\n\t\t\t\t<div class=\"elementor-element elementor-element-3899ea7 elementor-widget__width-initial elementor-widget elementor-widget-text-editor\" data-id=\"3899ea7\" data-element_type=\"widget\" data-widget_type=\"text-editor.default\">\n\t\t\t\t<div class=\"elementor-widget-container\">\n\t\t\t\t\t\t\t\t\t<p>En entrevue au\u00a0<i>Devoir<\/i>, le directeur des ressources humaines de Peerless ne d\u00e9col\u00e8re pas. \u00ab\u00a0Honn\u00eatement, on n\u2019est pas juste d\u00e9\u00e7us, on est frustr\u00e9s. [\u2026] J\u2019ai travaill\u00e9 dans plusieurs compagnies par le pass\u00e9, et il n\u2019y en a pas beaucoup qui prennent le temps de mettre sur pied de tels programmes. Nous, on le fait depuis 20\u00a0ans et on nous l\u2019enl\u00e8ve\u00a0!\u00a0\u00bb a d\u00e9plor\u00e9 Danny Sorrentino.<\/p><p>\u00ab\u00a0[La francisation] est une porte d\u2019entr\u00e9e pour les immigrants afin qu\u2019ils s\u2019int\u00e8grent \u00e0 la culture qu\u00e9b\u00e9coise. Certains ont acc\u00e8s \u00e0 des promotions chez nous ou s\u2019en vont dans d\u2019autres entreprises parce qu\u2019ils ont pu apprendre le fran\u00e7ais ici. Et on est contents de \u00e7a\u00a0!\u00a0\u00bb<\/p><p>Tel que cela est sugg\u00e9r\u00e9 par le MIFI, V\u00eatements Peerless doit maintenant se tourner vers le minist\u00e8re du Travail, de l\u2019Emploi et de la Solidarit\u00e9 sociale (MTESS), qui g\u00e8re les programmes de francisation en milieu de travail. Or, M.\u00a0Sorrentino ne dig\u00e8re pas qu\u2019on l\u2019a laiss\u00e9 s\u2019orienter seul dans le d\u00e9dale du site Internet de Services Qu\u00e9bec. \u00ab\u00a0C\u2019est comme nous dire\u00a0: \u201cMettez-vous en ligne et recommencez \u00e0 z\u00e9ro. Dites \u00e0 vos employ\u00e9s qu\u2019ils doivent faire les d\u00e9marches par eux-m\u00eames s\u2019ils ont un int\u00e9r\u00eat \u00e0 suivre des cours de fran\u00e7ais.\u201d\u00a0\u00bb<\/p><p>Il d\u00e9plore le fait de ne pas avoir re\u00e7u d\u2019avis l\u2019informant que le programme prenait fin. Et surtout, de devoir se d\u00e9mener pour ramener un programme de francisation \u00ab\u00a0qui marchait tr\u00e8s bien\u00a0\u00bb. \u00ab\u00a0On veut juste avoir des cours de fran\u00e7ais dans notre entreprise, comme avant\u00a0\u00bb, souligne M.\u00a0Sorrentino.<\/p><p>Il dit avoir pass\u00e9 \u00ab\u00a0des heures\u00a0\u00bb au t\u00e9l\u00e9phone et sur Internet \u00e0 la recherche d\u2019informations et d\u2019une personne responsable qui pourrait prendre sa demande en charge. \u00ab\u00a0Je veux qu\u2019on me dise\u00a0: \u201cDanny, voici les personnes \u00e0 qui tu dois parler.\u201d Au lieu de \u00e7a, on nous envoie des liens et des pages du site Internet.\u00a0\u00bb<\/p><p>De son c\u00f4t\u00e9, le MIFI confirme que, depuis 2015, il ne finance plus la francisation en milieu de travail. Il a toutefois maintenu quelques projets \u00ab\u00a0historiques\u00a0\u00bb, dont celui avec Peerless. \u00ab\u00a0Le MIFI est dispos\u00e9 \u00e0 regarder les avenues de solutions avec l\u2019entreprise pour r\u00e9pondre aux besoins de ses travailleuses et travailleurs\u00a0\u00bb, a indiqu\u00e9 Arianne M\u00e9thot, porte-parole du minist\u00e8re. \u00ab\u00a0\u00c9tant donn\u00e9 qu\u2019il s\u2019agit d\u2019un partenaire historique qui recevait des services avant la pand\u00e9mie, il est possible de [relancer] l\u2019offre de cours en \u00e9valuant bien les besoins recherch\u00e9s et l\u2019int\u00e9r\u00eat de l\u2019entreprise.\u00a0\u00bb<\/p>\t\t\t\t\t\t\t\t<\/div>\n\t\t\t\t<\/div>\n\t\t\t\t<div class=\"elementor-element elementor-element-552152e elementor-widget__width-initial elementor-widget-mobile__width-inherit elementor-invisible elementor-widget elementor-widget-litho-heading\" data-id=\"552152e\" data-element_type=\"widget\" data-settings=\"{&quot;_animation&quot;:&quot;fadeIn&quot;,&quot;_animation_delay&quot;:200}\" data-widget_type=\"litho-heading.default\">\n\t\t\t\t<div class=\"elementor-widget-container\">\n\t\t\t\t\t<h4 class=\"litho-heading elementor-size-default\"><span class=\"litho-primary-title\">\n<\/span><\/h4>\t\t\t\t<\/div>\n\t\t\t\t<\/div>\n\t\t\t\t<div class=\"elementor-element elementor-element-08a33a6 elementor-widget__width-initial elementor-widget elementor-widget-text-editor\" data-id=\"08a33a6\" data-element_type=\"widget\" data-widget_type=\"text-editor.default\">\n\t\t\t\t<div class=\"elementor-widget-container\">\n\t\t\t\t\t\t\t\t\t<p id=\"tw-target-text\" class=\"tw-data-text tw-text-large tw-ta\" dir=\"ltr\" data-placeholder=\"Translation\"><span class=\"Y2IQFc\" lang=\"fr\">Article complet : <a href=\"http:\/\/ow.ly\/N15t50KKnW3\">http:\/\/ow.ly\/N15t50KKnW3<\/a><\/span><\/p><p dir=\"ltr\" data-placeholder=\"Translation\">La source: <em>Le Devoir<\/em><\/p><p dir=\"ltr\" data-placeholder=\"Translation\">\u00a0<\/p>\t\t\t\t\t\t\t\t<\/div>\n\t\t\t\t<\/div>\n\t\t\t\t\t<\/div>\n\t\t<\/div>\n\t\t\t\t\t<\/div>\n\t\t<\/section>\n\t\t\t\t<\/div>\n\t\t","protected":false},"excerpt":{"rendered":"<p>C\u2019est la deuxi\u00e8me fois que le fabricant de v\u00eatements Peerless, qui offre des cours de fran\u00e7ais depuis plus de 20 ans, est contraint de fermer son programme Un manufacturier montr\u00e9alais de 1000 employ\u00e9s ne pourra plus offrir de cours de francisation en milieu de travail apr\u00e8s s\u2019\u00eatre fait supprimer une subvention du minist\u00e8re de l\u2019Immigration, [&hellip;]<\/p>\n","protected":false},"author":2,"featured_media":225025,"comment_status":"closed","ping_status":"open","sticky":false,"template":"","format":"standard","meta":{"_monsterinsights_skip_tracking":false,"_monsterinsights_sitenote_active":false,"_monsterinsights_sitenote_note":"","_monsterinsights_sitenote_category":0,"footnotes":""},"categories":[92,140],"tags":[],"class_list":["post-225024","post","type-post","status-publish","format-standard","has-post-thumbnail","hentry","category-non-classifiee","category-training-programs-fr"],"yoast_head":"<!-- This site is optimized with the Yoast SEO plugin v26.7 - https:\/\/yoast.com\/wordpress\/plugins\/seo\/ -->\n<title>Un programme mod\u00e8le de francisation en milieu de travail<\/title>\n<meta name=\"description\" content=\"Axxel RH : Partenaire d&#039;innovation en ressources humaines pour les entreprises canadiennes. Nous concevons des solutions sur mesure en recrutement, paie et conseil pour optimiser durablement votre capital humain \u00e0 travers le Canada.\" \/>\n<meta name=\"robots\" content=\"noindex, nofollow\" \/>\n<meta property=\"og:locale\" content=\"fr_FR\" \/>\n<meta property=\"og:type\" content=\"article\" \/>\n<meta property=\"og:title\" content=\"Un programme mod\u00e8le de francisation en milieu de travail\" \/>\n<meta property=\"og:description\" content=\"Axxel RH : Partenaire d&#039;innovation en ressources humaines pour les entreprises canadiennes. Nous concevons des solutions sur mesure en recrutement, paie et conseil pour optimiser durablement votre capital humain \u00e0 travers le Canada.\" \/>\n<meta property=\"og:url\" content=\"https:\/\/www.axxelhr.com\/fr\/un-programme-modele-de-francisation-en-milieu-de-travail\/\" \/>\n<meta property=\"og:site_name\" content=\"Axxel HR\" \/>\n<meta property=\"article:publisher\" content=\"https:\/\/www.facebook.com\/axxelhrinc\" \/>\n<meta property=\"article:published_time\" content=\"2022-09-15T14:22:16+00:00\" \/>\n<meta property=\"article:modified_time\" content=\"2024-06-20T14:22:26+00:00\" \/>\n<meta property=\"og:image\" content=\"https:\/\/www.axxelhr.com\/wp-content\/uploads\/2022\/09\/874673349c0e36af94f6413efaaad6f7.jpg\" \/>\n\t<meta property=\"og:image:width\" content=\"924\" \/>\n\t<meta property=\"og:image:height\" content=\"616\" \/>\n\t<meta property=\"og:image:type\" content=\"image\/jpeg\" \/>\n<meta name=\"author\" content=\"Gabriela\" \/>\n<meta name=\"twitter:card\" content=\"summary_large_image\" \/>\n<meta name=\"twitter:label1\" content=\"\u00c9crit par\" \/>\n\t<meta name=\"twitter:data1\" content=\"Gabriela\" \/>\n\t<meta name=\"twitter:label2\" content=\"Dur\u00e9e de lecture estim\u00e9e\" \/>\n\t<meta name=\"twitter:data2\" content=\"6 minutes\" \/>\n<script type=\"application\/ld+json\" class=\"yoast-schema-graph\">{\"@context\":\"https:\/\/schema.org\",\"@graph\":[{\"@type\":\"Article\",\"@id\":\"https:\/\/www.axxelhr.com\/fr\/un-programme-modele-de-francisation-en-milieu-de-travail\/#article\",\"isPartOf\":{\"@id\":\"https:\/\/www.axxelhr.com\/fr\/un-programme-modele-de-francisation-en-milieu-de-travail\/\"},\"author\":{\"name\":\"Gabriela\",\"@id\":\"https:\/\/www.axxelhr.com\/fr\/#\/schema\/person\/ac8def0da9977a52f107d9733053b7bd\"},\"headline\":\"Un\u00a0programme mod\u00e8le de francisation en milieu de travail largu\u00e9 par Qu\u00e9bec\",\"datePublished\":\"2022-09-15T14:22:16+00:00\",\"dateModified\":\"2024-06-20T14:22:26+00:00\",\"mainEntityOfPage\":{\"@id\":\"https:\/\/www.axxelhr.com\/fr\/un-programme-modele-de-francisation-en-milieu-de-travail\/\"},\"wordCount\":1140,\"publisher\":{\"@id\":\"https:\/\/www.axxelhr.com\/fr\/#organization\"},\"image\":{\"@id\":\"https:\/\/www.axxelhr.com\/fr\/un-programme-modele-de-francisation-en-milieu-de-travail\/#primaryimage\"},\"thumbnailUrl\":\"https:\/\/www.axxelhr.com\/wp-content\/uploads\/2022\/09\/874673349c0e36af94f6413efaaad6f7.jpg\",\"articleSection\":[\"Non classifi\u00e9(e)\",\"Training Programs\"],\"inLanguage\":\"fr-FR\"},{\"@type\":\"WebPage\",\"@id\":\"https:\/\/www.axxelhr.com\/fr\/un-programme-modele-de-francisation-en-milieu-de-travail\/\",\"url\":\"https:\/\/www.axxelhr.com\/fr\/un-programme-modele-de-francisation-en-milieu-de-travail\/\",\"name\":\"Un programme mod\u00e8le de francisation en milieu de travail\",\"isPartOf\":{\"@id\":\"https:\/\/www.axxelhr.com\/fr\/#website\"},\"primaryImageOfPage\":{\"@id\":\"https:\/\/www.axxelhr.com\/fr\/un-programme-modele-de-francisation-en-milieu-de-travail\/#primaryimage\"},\"image\":{\"@id\":\"https:\/\/www.axxelhr.com\/fr\/un-programme-modele-de-francisation-en-milieu-de-travail\/#primaryimage\"},\"thumbnailUrl\":\"https:\/\/www.axxelhr.com\/wp-content\/uploads\/2022\/09\/874673349c0e36af94f6413efaaad6f7.jpg\",\"datePublished\":\"2022-09-15T14:22:16+00:00\",\"dateModified\":\"2024-06-20T14:22:26+00:00\",\"description\":\"Axxel RH : Partenaire d'innovation en ressources humaines pour les entreprises canadiennes. Nous concevons des solutions sur mesure en recrutement, paie et conseil pour optimiser durablement votre capital humain \u00e0 travers le Canada.\",\"breadcrumb\":{\"@id\":\"https:\/\/www.axxelhr.com\/fr\/un-programme-modele-de-francisation-en-milieu-de-travail\/#breadcrumb\"},\"inLanguage\":\"fr-FR\",\"potentialAction\":[{\"@type\":\"ReadAction\",\"target\":[\"https:\/\/www.axxelhr.com\/fr\/un-programme-modele-de-francisation-en-milieu-de-travail\/\"]}]},{\"@type\":\"ImageObject\",\"inLanguage\":\"fr-FR\",\"@id\":\"https:\/\/www.axxelhr.com\/fr\/un-programme-modele-de-francisation-en-milieu-de-travail\/#primaryimage\",\"url\":\"https:\/\/www.axxelhr.com\/wp-content\/uploads\/2022\/09\/874673349c0e36af94f6413efaaad6f7.jpg\",\"contentUrl\":\"https:\/\/www.axxelhr.com\/wp-content\/uploads\/2022\/09\/874673349c0e36af94f6413efaaad6f7.jpg\",\"width\":924,\"height\":616},{\"@type\":\"BreadcrumbList\",\"@id\":\"https:\/\/www.axxelhr.com\/fr\/un-programme-modele-de-francisation-en-milieu-de-travail\/#breadcrumb\",\"itemListElement\":[{\"@type\":\"ListItem\",\"position\":1,\"name\":\"Accueil\",\"item\":\"https:\/\/www.axxelhr.com\/fr\/\"},{\"@type\":\"ListItem\",\"position\":2,\"name\":\"Un\u00a0programme mod\u00e8le de francisation en milieu de travail largu\u00e9 par Qu\u00e9bec\"}]},{\"@type\":\"WebSite\",\"@id\":\"https:\/\/www.axxelhr.com\/fr\/#website\",\"url\":\"https:\/\/www.axxelhr.com\/fr\/\",\"name\":\"Axxel HR\",\"description\":\"Votre partenaire en ressources humaines innovantes\",\"publisher\":{\"@id\":\"https:\/\/www.axxelhr.com\/fr\/#organization\"},\"alternateName\":\"Axxel HR - Solutions RH Montr\u00e9al\",\"potentialAction\":[{\"@type\":\"SearchAction\",\"target\":{\"@type\":\"EntryPoint\",\"urlTemplate\":\"https:\/\/www.axxelhr.com\/fr\/?s={search_term_string}\"},\"query-input\":{\"@type\":\"PropertyValueSpecification\",\"valueRequired\":true,\"valueName\":\"search_term_string\"}}],\"inLanguage\":\"fr-FR\"},{\"@type\":\"Organization\",\"@id\":\"https:\/\/www.axxelhr.com\/fr\/#organization\",\"name\":\"Axxel HR\",\"url\":\"https:\/\/www.axxelhr.com\/fr\/\",\"logo\":{\"@type\":\"ImageObject\",\"inLanguage\":\"fr-FR\",\"@id\":\"https:\/\/www.axxelhr.com\/fr\/#\/schema\/logo\/image\/\",\"url\":\"https:\/\/www.axxelhr.com\/wp-content\/uploads\/2023\/02\/axxelrh-logo.png\",\"contentUrl\":\"https:\/\/www.axxelhr.com\/wp-content\/uploads\/2023\/02\/axxelrh-logo.png\",\"width\":446,\"height\":126,\"caption\":\"Axxel HR\"},\"image\":{\"@id\":\"https:\/\/www.axxelhr.com\/fr\/#\/schema\/logo\/image\/\"},\"sameAs\":[\"https:\/\/www.facebook.com\/axxelhrinc\",\"https:\/\/www.linkedin.com\/company\/axxel-hr\/?viewAsMember=true\"]},{\"@type\":\"Person\",\"@id\":\"https:\/\/www.axxelhr.com\/fr\/#\/schema\/person\/ac8def0da9977a52f107d9733053b7bd\",\"name\":\"Gabriela\",\"image\":{\"@type\":\"ImageObject\",\"inLanguage\":\"fr-FR\",\"@id\":\"https:\/\/www.axxelhr.com\/fr\/#\/schema\/person\/image\/\",\"url\":\"https:\/\/secure.gravatar.com\/avatar\/e54a3d5a36716c6b016a1abc615e622df10884346db28239a0f73cfd9fa1dcb8?s=96&d=mm&r=g\",\"contentUrl\":\"https:\/\/secure.gravatar.com\/avatar\/e54a3d5a36716c6b016a1abc615e622df10884346db28239a0f73cfd9fa1dcb8?s=96&d=mm&r=g\",\"caption\":\"Gabriela\"},\"url\":\"https:\/\/www.axxelhr.com\/fr\/author\/gabriela\/\"}]}<\/script>\n<!-- \/ Yoast SEO plugin. -->","yoast_head_json":{"title":"Un programme mod\u00e8le de francisation en milieu de travail","description":"Axxel RH : Partenaire d'innovation en ressources humaines pour les entreprises canadiennes. Nous concevons des solutions sur mesure en recrutement, paie et conseil pour optimiser durablement votre capital humain \u00e0 travers le Canada.","robots":{"index":"noindex","follow":"nofollow"},"og_locale":"fr_FR","og_type":"article","og_title":"Un programme mod\u00e8le de francisation en milieu de travail","og_description":"Axxel RH : Partenaire d'innovation en ressources humaines pour les entreprises canadiennes. Nous concevons des solutions sur mesure en recrutement, paie et conseil pour optimiser durablement votre capital humain \u00e0 travers le Canada.","og_url":"https:\/\/www.axxelhr.com\/fr\/un-programme-modele-de-francisation-en-milieu-de-travail\/","og_site_name":"Axxel HR","article_publisher":"https:\/\/www.facebook.com\/axxelhrinc","article_published_time":"2022-09-15T14:22:16+00:00","article_modified_time":"2024-06-20T14:22:26+00:00","og_image":[{"width":924,"height":616,"url":"https:\/\/www.axxelhr.com\/wp-content\/uploads\/2022\/09\/874673349c0e36af94f6413efaaad6f7.jpg","type":"image\/jpeg"}],"author":"Gabriela","twitter_card":"summary_large_image","twitter_misc":{"\u00c9crit par":"Gabriela","Dur\u00e9e de lecture estim\u00e9e":"6 minutes"},"schema":{"@context":"https:\/\/schema.org","@graph":[{"@type":"Article","@id":"https:\/\/www.axxelhr.com\/fr\/un-programme-modele-de-francisation-en-milieu-de-travail\/#article","isPartOf":{"@id":"https:\/\/www.axxelhr.com\/fr\/un-programme-modele-de-francisation-en-milieu-de-travail\/"},"author":{"name":"Gabriela","@id":"https:\/\/www.axxelhr.com\/fr\/#\/schema\/person\/ac8def0da9977a52f107d9733053b7bd"},"headline":"Un\u00a0programme mod\u00e8le de francisation en milieu de travail largu\u00e9 par Qu\u00e9bec","datePublished":"2022-09-15T14:22:16+00:00","dateModified":"2024-06-20T14:22:26+00:00","mainEntityOfPage":{"@id":"https:\/\/www.axxelhr.com\/fr\/un-programme-modele-de-francisation-en-milieu-de-travail\/"},"wordCount":1140,"publisher":{"@id":"https:\/\/www.axxelhr.com\/fr\/#organization"},"image":{"@id":"https:\/\/www.axxelhr.com\/fr\/un-programme-modele-de-francisation-en-milieu-de-travail\/#primaryimage"},"thumbnailUrl":"https:\/\/www.axxelhr.com\/wp-content\/uploads\/2022\/09\/874673349c0e36af94f6413efaaad6f7.jpg","articleSection":["Non classifi\u00e9(e)","Training Programs"],"inLanguage":"fr-FR"},{"@type":"WebPage","@id":"https:\/\/www.axxelhr.com\/fr\/un-programme-modele-de-francisation-en-milieu-de-travail\/","url":"https:\/\/www.axxelhr.com\/fr\/un-programme-modele-de-francisation-en-milieu-de-travail\/","name":"Un programme mod\u00e8le de francisation en milieu de travail","isPartOf":{"@id":"https:\/\/www.axxelhr.com\/fr\/#website"},"primaryImageOfPage":{"@id":"https:\/\/www.axxelhr.com\/fr\/un-programme-modele-de-francisation-en-milieu-de-travail\/#primaryimage"},"image":{"@id":"https:\/\/www.axxelhr.com\/fr\/un-programme-modele-de-francisation-en-milieu-de-travail\/#primaryimage"},"thumbnailUrl":"https:\/\/www.axxelhr.com\/wp-content\/uploads\/2022\/09\/874673349c0e36af94f6413efaaad6f7.jpg","datePublished":"2022-09-15T14:22:16+00:00","dateModified":"2024-06-20T14:22:26+00:00","description":"Axxel RH : Partenaire d'innovation en ressources humaines pour les entreprises canadiennes. Nous concevons des solutions sur mesure en recrutement, paie et conseil pour optimiser durablement votre capital humain \u00e0 travers le Canada.","breadcrumb":{"@id":"https:\/\/www.axxelhr.com\/fr\/un-programme-modele-de-francisation-en-milieu-de-travail\/#breadcrumb"},"inLanguage":"fr-FR","potentialAction":[{"@type":"ReadAction","target":["https:\/\/www.axxelhr.com\/fr\/un-programme-modele-de-francisation-en-milieu-de-travail\/"]}]},{"@type":"ImageObject","inLanguage":"fr-FR","@id":"https:\/\/www.axxelhr.com\/fr\/un-programme-modele-de-francisation-en-milieu-de-travail\/#primaryimage","url":"https:\/\/www.axxelhr.com\/wp-content\/uploads\/2022\/09\/874673349c0e36af94f6413efaaad6f7.jpg","contentUrl":"https:\/\/www.axxelhr.com\/wp-content\/uploads\/2022\/09\/874673349c0e36af94f6413efaaad6f7.jpg","width":924,"height":616},{"@type":"BreadcrumbList","@id":"https:\/\/www.axxelhr.com\/fr\/un-programme-modele-de-francisation-en-milieu-de-travail\/#breadcrumb","itemListElement":[{"@type":"ListItem","position":1,"name":"Accueil","item":"https:\/\/www.axxelhr.com\/fr\/"},{"@type":"ListItem","position":2,"name":"Un\u00a0programme mod\u00e8le de francisation en milieu de travail largu\u00e9 par Qu\u00e9bec"}]},{"@type":"WebSite","@id":"https:\/\/www.axxelhr.com\/fr\/#website","url":"https:\/\/www.axxelhr.com\/fr\/","name":"Axxel HR","description":"Votre partenaire en ressources humaines innovantes","publisher":{"@id":"https:\/\/www.axxelhr.com\/fr\/#organization"},"alternateName":"Axxel HR - Solutions RH Montr\u00e9al","potentialAction":[{"@type":"SearchAction","target":{"@type":"EntryPoint","urlTemplate":"https:\/\/www.axxelhr.com\/fr\/?s={search_term_string}"},"query-input":{"@type":"PropertyValueSpecification","valueRequired":true,"valueName":"search_term_string"}}],"inLanguage":"fr-FR"},{"@type":"Organization","@id":"https:\/\/www.axxelhr.com\/fr\/#organization","name":"Axxel HR","url":"https:\/\/www.axxelhr.com\/fr\/","logo":{"@type":"ImageObject","inLanguage":"fr-FR","@id":"https:\/\/www.axxelhr.com\/fr\/#\/schema\/logo\/image\/","url":"https:\/\/www.axxelhr.com\/wp-content\/uploads\/2023\/02\/axxelrh-logo.png","contentUrl":"https:\/\/www.axxelhr.com\/wp-content\/uploads\/2023\/02\/axxelrh-logo.png","width":446,"height":126,"caption":"Axxel HR"},"image":{"@id":"https:\/\/www.axxelhr.com\/fr\/#\/schema\/logo\/image\/"},"sameAs":["https:\/\/www.facebook.com\/axxelhrinc","https:\/\/www.linkedin.com\/company\/axxel-hr\/?viewAsMember=true"]},{"@type":"Person","@id":"https:\/\/www.axxelhr.com\/fr\/#\/schema\/person\/ac8def0da9977a52f107d9733053b7bd","name":"Gabriela","image":{"@type":"ImageObject","inLanguage":"fr-FR","@id":"https:\/\/www.axxelhr.com\/fr\/#\/schema\/person\/image\/","url":"https:\/\/secure.gravatar.com\/avatar\/e54a3d5a36716c6b016a1abc615e622df10884346db28239a0f73cfd9fa1dcb8?s=96&d=mm&r=g","contentUrl":"https:\/\/secure.gravatar.com\/avatar\/e54a3d5a36716c6b016a1abc615e622df10884346db28239a0f73cfd9fa1dcb8?s=96&d=mm&r=g","caption":"Gabriela"},"url":"https:\/\/www.axxelhr.com\/fr\/author\/gabriela\/"}]}},"_links":{"self":[{"href":"https:\/\/www.axxelhr.com\/fr\/wp-json\/wp\/v2\/posts\/225024","targetHints":{"allow":["GET"]}}],"collection":[{"href":"https:\/\/www.axxelhr.com\/fr\/wp-json\/wp\/v2\/posts"}],"about":[{"href":"https:\/\/www.axxelhr.com\/fr\/wp-json\/wp\/v2\/types\/post"}],"author":[{"embeddable":true,"href":"https:\/\/www.axxelhr.com\/fr\/wp-json\/wp\/v2\/users\/2"}],"replies":[{"embeddable":true,"href":"https:\/\/www.axxelhr.com\/fr\/wp-json\/wp\/v2\/comments?post=225024"}],"version-history":[{"count":0,"href":"https:\/\/www.axxelhr.com\/fr\/wp-json\/wp\/v2\/posts\/225024\/revisions"}],"wp:featuredmedia":[{"embeddable":true,"href":"https:\/\/www.axxelhr.com\/fr\/wp-json\/wp\/v2\/media\/225025"}],"wp:attachment":[{"href":"https:\/\/www.axxelhr.com\/fr\/wp-json\/wp\/v2\/media?parent=225024"}],"wp:term":[{"taxonomy":"category","embeddable":true,"href":"https:\/\/www.axxelhr.com\/fr\/wp-json\/wp\/v2\/categories?post=225024"},{"taxonomy":"post_tag","embeddable":true,"href":"https:\/\/www.axxelhr.com\/fr\/wp-json\/wp\/v2\/tags?post=225024"}],"curies":[{"name":"wp","href":"https:\/\/api.w.org\/{rel}","templated":true}]}}